{"id":1235,"date":"2020-04-30T16:55:00","date_gmt":"2020-04-30T14:55:00","guid":{"rendered":"http:\/\/www.asociacebozp-po.cz\/portal\/?p=1235"},"modified":"2020-05-11T17:00:27","modified_gmt":"2020-05-11T15:00:27","slug":"zprava-o-cinnosti-asociace-12-2019","status":"publish","type":"post","link":"https:\/\/www.asociacebozp-po.cz\/portal\/zprava-o-cinnosti-asociace-12-2019\/","title":{"rendered":"Zpr\u00e1va o \u010dinnosti asociace 12\/2019"},"content":{"rendered":"<p>V\u00e1\u017een\u00ed \u010dlenov\u00e9 asociace,<\/p>\n<p>p\u0159edkl\u00e1d\u00e1me v\u00e1m ve zkr\u00e1cen\u00e9 podob\u011b zpr\u00e1vu z&nbsp;\u010dinnosti asociace za rok 2019. Stejn\u011b jako ve zpr\u00e1v\u011b za rok 2018 p\u0159ipom\u00edn\u00e1me, \u017ee \u00fakolem t\u011bchto zpr\u00e1v nen\u00ed do podrobnosti informovat o v\u0161ech kroc\u00edch asociace. <span style=\"text-decoration: underline;\">Podrobn\u011b jsou \u010dlenov\u00e9 v\u017edy informov\u00e1ni na valn\u00fdch hromad\u00e1ch<\/span>. Tak se tomu i stalo na valn\u00e9 hromad\u011b, kter\u00e1 se v&nbsp;roce 2019 konala 11.6.2019 v&nbsp;Pod\u011bbradech. Aktivn\u00ed \u010dlenov\u00e9, kte\u0159\u00ed se t\u00e9to valn\u00e9 hromady z\u00fa\u010dastnili, byli informov\u00e1ni o konkr\u00e9tn\u00ed \u010dinnosti asociace, &nbsp;o zpr\u00e1v\u011b revizn\u00ed komise o v\u00fdsledc\u00edch hospoda\u0159en\u00ed asociace za uplynul\u00e9 obdob\u00ed v\u010d. n\u00e1vrhu pl\u00e1nu \u010dinnosti a \u010derp\u00e1n\u00ed rozpo\u010dtu na dal\u0161\u00ed obdob\u00ed. Na valn\u00e9 hromad\u011b byly schv\u00e1leny ve\u0161ker\u00e9 p\u0159edlo\u017een\u00e9 n\u00e1vrhy v\u010d. kooptace nov\u00fdch \u010dlen\u016f do rady asociace Ing. Milana \u0160im\u00e1nka a Ing. Pavla Klegy. V\u0161ichni \u010dlenov\u00e9 byli informov\u00e1ni, \u017ee se v&nbsp;roce 2020 budou konat volby do rady asociace a revizn\u00ed komise. \u010clenov\u00e9 byli vyzv\u00e1ni k&nbsp;tomu, aby pokud maj\u00ed z\u00e1jem pracovat v&nbsp;rad\u011b asociace, aby n\u00e1m svoji \u017e\u00e1dost o kandidaturu zaslali p\u00edsemn\u011b na sekretari\u00e1t do \u00fanora roku 2020, nebo\u0165 se v&nbsp;roce 2020 budou konat volby \u010dlen\u016f rady a revizn\u00ed komise na dal\u0161\u00ed p\u011btilet\u00e9 obdob\u00ed 2020 \u2013 2025. Tato v\u00fdzva byla rovn\u011b\u017e opakovan\u00e1 p\u0159i ka\u017ed\u00e9m semin\u00e1\u0159i, kter\u00fd se v&nbsp;roce 2019 konal. \u010clenov\u00e9 asociace byli t\u00e9\u017e vyzv\u00e1ni ve Zpravodaji 2019, \u017ee pokud maj\u00ed z\u00e1jem kandidovat, tak a\u0165 tak u\u010din\u00ed a za\u0161lou na sekretari\u00e1t p\u00edsemn\u011b svoji p\u0159ihl\u00e1\u0161ku. &nbsp;Na jedn\u00e1n\u00ed rady v&nbsp;listopadu 2019 byl p\u0159ipomenut \u010dlen\u016fm rady i term\u00edn.<\/p>\n<p>Dle pl\u00e1nu v\u00fdchovn\u011b vzd\u011bl\u00e1vac\u00edch akc\u00ed se odborn\u00e9 semin\u00e1\u0159e v roce 2019 uskute\u010dnily v Hradci Kr\u00e1lov\u00e9, v Praze a v Brn\u011b. Obsah semin\u00e1\u0159\u016f p\u0159ipravila Ing. Perdikis a t\u00fdkal se po\u017eadavk\u016f na odbornou a zdravotn\u00ed zp\u016fsobilost obsluh strojn\u00edho za\u0159\u00edzen\u00ed, v\u00fd\u010det legislativy k provozu strojn\u00edho za\u0159\u00edzen\u00ed, veden\u00ed pr\u016fvodn\u00ed provozn\u00ed dokumentace. Zm\u011bny pr\u00e1vn\u00edch p\u0159edpis\u016f p\u0159ipravil JUDr. Ko\u017em\u00edn, LL.M. N\u00e1mi po\u0159\u00e1dan\u00e9 akce jsou \u010dlen\u016fm asociace zas\u00edl\u00e1ny po\u0161tou, vyv\u011b\u0161eny na webov\u00fdch str\u00e1nk\u00e1ch asociace, kter\u00e9 jsou pr\u016fb\u011b\u017en\u011b aktualizov\u00e1ny. &nbsp;Ing. Pr\u016f\u0161ov\u00e1 ka\u017edoro\u010dn\u011b zaji\u0161\u0165uje reklamu po\u0159\u00e1dan\u00fdch akc\u00ed i na str\u00e1nk\u00e1ch V\u00daBP <a href=\"http:\/\/www.bozpinfo.cz\" target=\"_blank\" rel=\"noopener noreferrer\">www.bozpinfo.cz<\/a>. V b\u0159eznu 2019 jsme uspo\u0159\u00e1dali \u0161kolen\u00ed pro nov\u00e9 intern\u00ed auditory BOZP dle po\u017eadavk\u016f \u010cSN ISO 45001:2018 a \u010cSN EN ISO 19011:2019. V roce 2019 se rovn\u011b\u017e uskute\u010dnily zkou\u0161ky z odborn\u00e9 zp\u016fsobilosti v\u010d. p\u0159\u00edpravn\u00fdch kurz\u016f ke zkou\u0161k\u00e1m\/periodick\u00fdm zkou\u0161k\u00e1m odborn\u00e9 zp\u016fsobilosti v prevenci rizik. Term\u00edny byly v\u017edy zve\u0159ejn\u011bny. \u010clen\u016fm asociace byla zaslan\u00e1 i nab\u00eddka dal\u0161\u00edch osmi druh\u016f \u0161kolen\u00ed mimo shora uveden\u00e9 akce.<\/p>\n<p>Mgr. Viktor Kub\u00edk podal \u017e\u00e1dost o vystoupen\u00ed z&nbsp;\u0159ad rady asociace, jeho \u017e\u00e1dosti bylo vyhov\u011bno.<\/p>\n<p>V&nbsp;dubnu 2019 prob\u011bhla ze strany MPSV kontrola dodr\u017eov\u00e1n\u00ed povinnost\u00ed vypl\u00fdvaj\u00edc\u00edch z&nbsp;projektu zkou\u0161ek odborn\u00e9 zp\u016fsobilosti v&nbsp;prevenci rizik. Ze strany MPSV byl shled\u00e1n soulad s&nbsp;projektem v&nbsp;napl\u0148ov\u00e1n\u00ed povinnost\u00ed a p\u0159edpoklad\u016f pro ud\u011blen\u00ed akreditace. Po odborn\u00e9 str\u00e1nce nebylo zji\u0161t\u011bno \u017e\u00e1dn\u00fdch z\u00e1vad. Doporu\u010den\u00ed MPSV byla ihned zahrnuta k&nbsp;prov\u00e1d\u011bn\u00ed zkou\u0161ek. &nbsp;<\/p>\n<p>Na n\u00e1vrh Ing. Perdikis byl v\u0161em \u010dlen\u016fm asociace zasl\u00e1n dotazn\u00edk \u2013 anketa spokojenosti. Tento dotazn\u00edk byl vytvo\u0159en, aby dal i touto formou prostor v\u0161em \u010dlen\u016fm asociace k&nbsp;vyj\u00e1d\u0159en\u00ed o jak\u00e1 t\u00e9mata odborn\u00fdch semin\u00e1\u0159\u016f by m\u011bli z\u00e1jem a d\u00e1le dal prostor napsat n\u00e1m i n\u00e1m\u011bty na zlep\u0161en\u00ed na\u0161\u00ed \u010dinnosti. D\u00e1le dal \u010dlen\u016fm mo\u017enost nab\u00eddnout n\u00e1m svoj\u00ed odbornou pomoc pro asociaci v\u010d. za\u0159azen\u00ed sv\u00fdch p\u0159\u00edsp\u011bvk\u016f do Zpravodaj\u016f BOZP a PO. Dotazn\u00edk vyplnilo a odeslalo zp\u011bt 17 \u010dlen\u016f. Za vypln\u011bn\u00ed a odesl\u00e1n\u00ed d\u011bkujeme.<\/p>\n<p>P\u0159ipom\u00edn\u00e1me, \u017ee v&nbsp;p\u0159edchoz\u00edch letech byl vytvo\u0159en let\u00e1\u010dek pro propagaci asociace k&nbsp;z\u00edsk\u00e1v\u00e1n\u00ed nov\u00fdch \u010dlen\u016f, m\u016f\u017eete ho st\u00e1le vyu\u017e\u00edvat. St\u00e1hnout si ho m\u016f\u017eete <a href=\"http:\/\/www.asociacebozp-po.cz\/portal\/wp-content\/plugins\/download-attachments\/includes\/download.php?id=276\">zde<\/a>.<\/p>\n<p>V\u00e1\u017een\u00ed \u010dlenov\u00e9, v&nbsp;<a href=\"http:\/\/www.asociacebozp-po.cz\/portal\/kontaktni-udaje\/\">kontaktn\u00edch \u00fadaj\u00edch<\/a> m\u00e1te m\u00edsto pro zpr\u00e1vy, kde n\u00e1m m\u016f\u017eete odeslat sv\u016fj dotaz, n\u00e1m\u011bt, n\u00e1zor, p\u0159ipom\u00ednku, p\u0159\u00edpadn\u011b i&nbsp;dal\u0161\u00ed post\u0159ehy z&nbsp;oblasti BOZP a&nbsp;PO. Ve\u0161ker\u00e9 dotazy, kter\u00e9 jsou z&nbsp;na\u0161\u00ed strany v\u017edy zodpov\u011bzeny, jak ji\u017e p\u00edsemnou \u010di \u00fastn\u00ed formou.<\/p>\n<p style=\"text-align: right;\"><em>Va\u0161e Rada asociace<\/em><\/p>\n","protected":false},"excerpt":{"rendered":"<p>V\u00e1\u017een\u00ed \u010dlenov\u00e9 asociace, p\u0159edkl\u00e1d\u00e1me v\u00e1m ve zkr\u00e1cen\u00e9 podob\u011b zpr\u00e1vu z&nbsp;\u010dinnosti asociace za rok 2019. Stejn\u011b jako ve zpr\u00e1v\u011b za rok 2018 p\u0159ipom\u00edn\u00e1me, \u017ee \u00fakolem t\u011bchto zpr\u00e1v nen\u00ed do podrobnosti informovat o v\u0161ech kroc\u00edch asociace. Podrobn\u011b jsou \u010dlenov\u00e9 v\u017edy informov\u00e1ni na<\/p>\n","protected":false},"author":1,"featured_media":0,"comment_status":"closed","ping_status":"closed","sticky":false,"template":"","format":"standard","meta":{"footnotes":""},"categories":[32],"tags":[],"class_list":["post-1235","post","type-post","status-publish","format-standard","hentry","category-zpravy-z-cinnosti-asociace"],"_links":{"self":[{"href":"https:\/\/www.asociacebozp-po.cz\/portal\/wp-json\/wp\/v2\/posts\/1235","targetHints":{"allow":["GET"]}}],"collection":[{"href":"https:\/\/www.asociacebozp-po.cz\/portal\/wp-json\/wp\/v2\/posts"}],"about":[{"href":"https:\/\/www.asociacebozp-po.cz\/portal\/wp-json\/wp\/v2\/types\/post"}],"author":[{"embeddable":true,"href":"https:\/\/www.asociacebozp-po.cz\/portal\/wp-json\/wp\/v2\/users\/1"}],"replies":[{"embeddable":true,"href":"https:\/\/www.asociacebozp-po.cz\/portal\/wp-json\/wp\/v2\/comments?post=1235"}],"version-history":[{"count":0,"href":"https:\/\/www.asociacebozp-po.cz\/portal\/wp-json\/wp\/v2\/posts\/1235\/revisions"}],"wp:attachment":[{"href":"https:\/\/www.asociacebozp-po.cz\/portal\/wp-json\/wp\/v2\/media?parent=1235"}],"wp:term":[{"taxonomy":"category","embeddable":true,"href":"https:\/\/www.asociacebozp-po.cz\/portal\/wp-json\/wp\/v2\/categories?post=1235"},{"taxonomy":"post_tag","embeddable":true,"href":"https:\/\/www.asociacebozp-po.cz\/portal\/wp-json\/wp\/v2\/tags?post=1235"}],"curies":[{"name":"wp","href":"https:\/\/api.w.org\/{rel}","templated":true}]}}